{"id":978,"date":"2014-05-19T10:15:46","date_gmt":"2014-05-19T10:15:46","guid":{"rendered":"http:\/\/www.pamiecin.org\/?p=978"},"modified":"2014-05-19T10:15:46","modified_gmt":"2014-05-19T10:15:46","slug":"powitanie-matki-bozej-w-znaku-jasnogorskiej-ikony","status":"publish","type":"post","link":"https:\/\/www.pamiecin.org\/?p=978","title":{"rendered":"Powitanie Matki Bo\u017cej w znaku Jasnog\u00f3rskiej Ikony"},"content":{"rendered":"<div style=\"text-align: justify;\" align=\"center\"><strong>Powitanie Matki Bo\u017cej w znaku Jasnog\u00f3rskiej Ikony przez pasterza parafii \u2013 ks. Jaros\u0142awa Jasianka (04 pa\u017adziernika 2011r.)<\/strong><\/div>\n<div align=\"center\">\n<p style=\"text-align: justify;\">Matko Jezusa i nasza Matko! Czarna Madonno!<\/p>\n<p style=\"text-align: justify;\">Jako ojciec naszej wsp\u00f3lnoty parafialnej, witam Ci\u0119 Maryjo po\u015br\u00f3d nas. Witam Ci\u0119 w parafii p.w. \u015bw. Jana Chrzciciela. Nareszcie jeste\u015b. Nie mogli\u015bmy si\u0119 Ciebie doczeka\u0107. Ciesz\u0119 si\u0119 razem ze zgromadzonymi parafianami i go\u015b\u0107mi, \u017ce nawiedzi\u0142a\u015b nasz\u0105 \u015bwi\u0105tyni\u0119 i nasze serca, kt\u00f3re chc\u0105 by\u0107 na podobie\u0144stwo Twojego Serca i Serca Twojego Syna.<\/p>\n<p style=\"text-align: justify;\"><!--more--><\/p>\n<p style=\"text-align: justify;\">Witam Ci\u0119 Pani Jasnog\u00f3rska. Jeste\u015b nam tak bardzo bliska. Przecie\u017c, czytaj\u0105c Pismo \u015awi\u0119te widzimy Ci\u0119 \u017cyj\u0105c\u0105 po\u015br\u00f3d ludzi; radosn\u0105, smutn\u0105; szcz\u0119\u015bliw\u0105, cierpi\u0105c\u0105\u2026 Widzimy Ci\u0119 jako: dziewic\u0119 i kobiet\u0119 ciesz\u0105c\u0105 si\u0119 z narodzin dziecka \/ \u017con\u0119 i wdow\u0119 \/ przymusow\u0105 emigrantk\u0119 \/ matk\u0119 niesprawiedliwie skazanego \/ gospodyni\u0119, i praktyczn\u0105 Pani\u0105 na weselu wra\u017cliw\u0105 na zwyczajne biedy \/ i odwa\u017cnie spiesz\u0105c\u0105 z ofiarn\u0105 pomoc\u0105 macierzy\u0144stwu swojej krewnej \/ rozwa\u017caj\u0105c\u0105, i pytaj\u0105c\u0105 \/ i uwa\u017cn\u0105 na Ducha \u015awi\u0119tego \/ i wielk\u0105 Charyzmatyczk\u0119 \/ i cich\u0105, i dzieln\u0105 \/ i s\u0142u\u017cebnic\u0119, i Pani\u0105.<\/p>\n<p style=\"text-align: justify;\">Witam Ci\u0119 Matko Ko\u015bcio\u0142a! Prosz\u0119 pokornie, pom\u00f3\u017c nam jeszcze bardziej ukocha\u0107 Ko\u015bci\u00f3\u0142, w kt\u00f3rego wierze przyj\u0119li\u015bmy chrzest \u015bwi\u0119ty. Pom\u00f3\u017c przemienia\u0107 nasz\u0105 parafi\u0119 w prawdziw\u0105 wsp\u00f3lnot\u0119 braci i si\u00f3str, kt\u00f3rzy mog\u0105 na siebie liczy\u0107 w dniach szcz\u0119\u015bcia i w dniach naznaczonych cierpieniem i smutkiem. Niech nasza parafia b\u0119dzie jak rodzina, a rodziny naszej parafii stan\u0105 si\u0119 domowymi ko\u015bcio\u0142ami.<\/p>\n<p style=\"text-align: justify;\">Witaj Maryjo! Prowad\u017a nas do Chrystusa, do sakrament\u00f3w \u015bwi\u0119tych, zw\u0142aszcza do Eucharystii \u2013 i tej codziennej i tej niedzielnej. Witaj Matko. Jako pasterz tej parafii prosz\u0119: bro\u0144 naszych rodzinnych ognisk i nie pozw\u00f3l im zagasn\u0105\u0107. Niech p\u0142on\u0105 Mi\u0142o\u015bci\u0105! Witaj!<\/p>\n<\/div>\n","protected":false},"excerpt":{"rendered":"<p>Powitanie Matki Bo\u017cej w znaku Jasnog\u00f3rskiej Ikony przez pasterza parafii \u2013 ks. Jaros\u0142awa Jasianka (04 pa\u017adziernika 2011r.) Matko Jezusa i nasza Matko! Czarna Madonno! Jako ojciec naszej wsp\u00f3lnoty parafialnej, witam Ci\u0119 Maryjo po\u015br\u00f3d nas. Witam Ci\u0119 w parafii p.w. \u015bw. Jana Chrzciciela. Nareszcie jeste\u015b. Nie mogli\u015bmy si\u0119 Ciebie doczeka\u0107. Ciesz\u0119 si\u0119 razem ze zgromadzonymi parafianami i go\u015b\u0107mi, \u017ce nawiedzi\u0142a\u015b nasz\u0105 \u015bwi\u0105tyni\u0119 i nasze serca, kt\u00f3re chc\u0105 by\u0107 na podobie\u0144stwo Twojego&#8230;<a href=\"https:\/\/www.pamiecin.org\/?p=978\" class=\"read_link\"><span>czytaj dalej &raquo;<\/span><\/a><\/p>\n","protected":false},"author":1,"featured_media":0,"comment_status":"open","ping_status":"open","sticky":false,"template":"","format":"standard","meta":{"footnotes":""},"categories":[20],"tags":[],"class_list":["post-978","post","type-post","status-publish","format-standard","hentry","category-kazania"],"_links":{"self":[{"href":"https:\/\/www.pamiecin.org\/index.php?rest_route=\/wp\/v2\/posts\/978","targetHints":{"allow":["GET"]}}],"collection":[{"href":"https:\/\/www.pamiecin.org\/index.php?rest_route=\/wp\/v2\/posts"}],"about":[{"href":"https:\/\/www.pamiecin.org\/index.php?rest_route=\/wp\/v2\/types\/post"}],"author":[{"embeddable":true,"href":"https:\/\/www.pamiecin.org\/index.php?rest_route=\/wp\/v2\/users\/1"}],"replies":[{"embeddable":true,"href":"https:\/\/www.pamiecin.org\/index.php?rest_route=%2Fwp%2Fv2%2Fcomments&post=978"}],"version-history":[{"count":1,"href":"https:\/\/www.pamiecin.org\/index.php?rest_route=\/wp\/v2\/posts\/978\/revisions"}],"predecessor-version":[{"id":979,"href":"https:\/\/www.pamiecin.org\/index.php?rest_route=\/wp\/v2\/posts\/978\/revisions\/979"}],"wp:attachment":[{"href":"https:\/\/www.pamiecin.org\/index.php?rest_route=%2Fwp%2Fv2%2Fmedia&parent=978"}],"wp:term":[{"taxonomy":"category","embeddable":true,"href":"https:\/\/www.pamiecin.org\/index.php?rest_route=%2Fwp%2Fv2%2Fcategories&post=978"},{"taxonomy":"post_tag","embeddable":true,"href":"https:\/\/www.pamiecin.org\/index.php?rest_route=%2Fwp%2Fv2%2Ftags&post=978"}],"curies":[{"name":"wp","href":"https:\/\/api.w.org\/{rel}","templated":true}]}}