{"id":2421,"date":"2021-05-29T20:33:06","date_gmt":"2021-05-29T18:33:06","guid":{"rendered":"https:\/\/www.pamiecin.org\/?p=2421"},"modified":"2021-05-29T20:33:06","modified_gmt":"2021-05-29T18:33:06","slug":"carpe-diem","status":"publish","type":"post","link":"https:\/\/www.pamiecin.org\/?p=2421","title":{"rendered":"Carpe diem!"},"content":{"rendered":"<p>Przekroczyli\u015bmy pr\u00f3g kolejnego mrocznego etapu dziej\u00f3w ludzko\u015bci. Warto wi\u0119c cieszy\u0107 si\u0119 ka\u017cdym dniem wzgl\u0119dnej normalno\u015bci, wykorzysta\u0107 ka\u017cd\u0105 sposobno\u015b\u0107 do cieszenia si\u0119 \u017cyciem; warto sprawia\u0107 sobie i innym rado\u015b\u0107, nie szcz\u0119dzi\u0107 czasu na przyjemno\u015bci i jednocze\u015bnie przygotowa\u0107 siebie i bliskich na nadchodz\u0105cy kataklizm. Ko\u0144czy si\u0119 ju\u017c etap rozwoju, budowania, humanizmu i duchowo\u015bci. Nasta\u0142 czas zam\u0119tu, zniszczenia i odcz\u0142owieczenia. Kto analizuje znaki czasu sam dojdzie do wniosku, \u017ce kataklizm jest nieunikniony. Przyjdzie wielkie cierpienie na wszystkie wymiary naszego \u017cycia. Nie odk\u0142adaj spe\u0142nienia marze\u0144 na \u201ep\u00f3\u017aniej\u201d. Spe\u0142nij je teraz! Czasu zosta\u0142o niewiele. <\/p>\n","protected":false},"excerpt":{"rendered":"<p>Przekroczyli\u015bmy pr\u00f3g kolejnego mrocznego etapu dziej\u00f3w ludzko\u015bci. Warto wi\u0119c cieszy\u0107 si\u0119 ka\u017cdym dniem wzgl\u0119dnej normalno\u015bci, wykorzysta\u0107 ka\u017cd\u0105 sposobno\u015b\u0107 do cieszenia si\u0119 \u017cyciem; warto sprawia\u0107 sobie i innym rado\u015b\u0107, nie szcz\u0119dzi\u0107 czasu na przyjemno\u015bci i jednocze\u015bnie przygotowa\u0107 siebie i bliskich na nadchodz\u0105cy kataklizm. Ko\u0144czy si\u0119 ju\u017c etap rozwoju, budowania, humanizmu i duchowo\u015bci. Nasta\u0142 czas zam\u0119tu, zniszczenia i odcz\u0142owieczenia. Kto analizuje znaki czasu sam dojdzie do wniosku, \u017ce kataklizm jest nieunikniony. Przyjdzie&#8230;<a href=\"https:\/\/www.pamiecin.org\/?p=2421\" class=\"read_link\"><span>czytaj dalej &raquo;<\/span><\/a><\/p>\n","protected":false},"author":1,"featured_media":0,"comment_status":"closed","ping_status":"closed","sticky":false,"template":"","format":"standard","meta":{"footnotes":""},"categories":[21],"tags":[],"class_list":["post-2421","post","type-post","status-publish","format-standard","hentry","category-refleksje"],"_links":{"self":[{"href":"https:\/\/www.pamiecin.org\/index.php?rest_route=\/wp\/v2\/posts\/2421","targetHints":{"allow":["GET"]}}],"collection":[{"href":"https:\/\/www.pamiecin.org\/index.php?rest_route=\/wp\/v2\/posts"}],"about":[{"href":"https:\/\/www.pamiecin.org\/index.php?rest_route=\/wp\/v2\/types\/post"}],"author":[{"embeddable":true,"href":"https:\/\/www.pamiecin.org\/index.php?rest_route=\/wp\/v2\/users\/1"}],"replies":[{"embeddable":true,"href":"https:\/\/www.pamiecin.org\/index.php?rest_route=%2Fwp%2Fv2%2Fcomments&post=2421"}],"version-history":[{"count":1,"href":"https:\/\/www.pamiecin.org\/index.php?rest_route=\/wp\/v2\/posts\/2421\/revisions"}],"predecessor-version":[{"id":2422,"href":"https:\/\/www.pamiecin.org\/index.php?rest_route=\/wp\/v2\/posts\/2421\/revisions\/2422"}],"wp:attachment":[{"href":"https:\/\/www.pamiecin.org\/index.php?rest_route=%2Fwp%2Fv2%2Fmedia&parent=2421"}],"wp:term":[{"taxonomy":"category","embeddable":true,"href":"https:\/\/www.pamiecin.org\/index.php?rest_route=%2Fwp%2Fv2%2Fcategories&post=2421"},{"taxonomy":"post_tag","embeddable":true,"href":"https:\/\/www.pamiecin.org\/index.php?rest_route=%2Fwp%2Fv2%2Ftags&post=2421"}],"curies":[{"name":"wp","href":"https:\/\/api.w.org\/{rel}","templated":true}]}}