{"id":2419,"date":"2021-05-29T20:32:34","date_gmt":"2021-05-29T18:32:34","guid":{"rendered":"https:\/\/www.pamiecin.org\/?p=2419"},"modified":"2021-05-29T20:32:34","modified_gmt":"2021-05-29T18:32:34","slug":"ogloszenia-30-maja-2021","status":"publish","type":"post","link":"https:\/\/www.pamiecin.org\/?p=2419","title":{"rendered":"OG\u0141OSZENIA 30 maja 2021"},"content":{"rendered":"<p>1.\/ Zapraszam do uczestniczenia w ostatnim nabo\u017ce\u0144stwie majowym jutro po Mszy \u015aw. o godz. 18.00.<br \/>\n2.\/ Do Sakramentu Pojednania zapraszam zawsze w dni powszednie przed Msz\u0105 \u015aw. W konfesjonale jestem na p\u00f3\u0142 godziny przed rozpocz\u0119ciem Mszy \u015aw.<br \/>\n3.\/  Dzisiaj na Mszy \u015aw. o godz. 10.00 i 11.30 dzieci po raz pierwszy przyst\u0105pi\u0105 do Komunii \u015aw. Prosz\u0119 o modlitw\u0119 w ich intencji.<br \/>\n4.\/ W najbli\u017cszy czwartek przypada Uroczysto\u015b\u0107 Naj\u015bwi\u0119tszego Cia\u0142a i Krwi Pa\u0144skiej [\u201eBo\u017ce Cia\u0142o\u201d]. Msze \u015awi\u0119te b\u0119d\u0105 w porz\u0105dku niedzielnym: 8.30, 10.00 [w Pruszkowie], 11.30. Po Mszy \u015aw. o 11.00 b\u0119dzie procesja eucharystyczna. Z powodu obowi\u0105zuj\u0105cych przepis\u00f3w epidemicznych jeste\u015bmy zmuszeni zrezygnowa\u0107 z tradycyjnej procesji. Procesja eucharystyczna b\u0119dzie wok\u00f3\u0142 ko\u015bcio\u0142a i zako\u0144czy si\u0119 przy o\u0142tarzu polowym. Udekorujemy tylko ten jeden o\u0142tarz polowy przy kt\u00f3rym b\u0119dzie uroczysta modlitwa wraz z b\u0142ogos\u0142awie\u0144stwem ca\u0142ej parafii. Przypominam o tym, aby w czasie procesji zachowa\u0107 od siebie dystans 1,5 metra. To bardzo wa\u017cne poniewa\u017c spodziewamy si\u0119 kontroli odpowiednich s\u0142u\u017cb. Przypominam r\u00f3wnie\u017c, \u017ce nadal w ko\u015bciele musimy mie\u0107 za\u0142o\u017cone maseczki. Dzieci pierwszokomunijne prosz\u0119 o udzia\u0142 w procesji w bia\u0142ych szatkach a dziewczynki o sypanie kwiatk\u00f3w. Po procesji dzieci otrzymaj\u0105 pami\u0105tkowe obrazki pierwszokomunijne.<br \/>\n5.\/ Przy wyj\u015bciu z ko\u015bcio\u0142a mo\u017cna naby\u0107 \u201eOpiekuna\u201d. Zach\u0119cam do lektury tego pisma.<br \/>\n6.\/ W czerwcu, po Mszach \u015awi\u0119tych b\u0119dziemy si\u0119 modli\u0107 Litani\u0105 do Naj\u015bw. Serca Pana Jezusa prosz\u0105c o zdolno\u015b\u0107 do mi\u0142o\u015bci siebie, naszych bliskich a nawet naszych nieprzyjaci\u00f3\u0142.<br \/>\n7.\/ Dzi\u0119kuj\u0119 za sk\u0142adane ofiary, tak\u017ce te przelewane na konto parafialne. Moja wdzi\u0119czno\u015b\u0107 jest naprawd\u0119 wielka, poniewa\u017c aktualnie nie mamy ju\u017c pieni\u0119dzy na op\u0142acenie bie\u017c\u0105cych rachunk\u00f3w np. za pr\u0105d czy za podatek. Mamy na koncie zaledwie kilkaset z\u0142otych tak \u201ena styk\u201d. Co chwila s\u0105 jakie\u015b faktury do zap\u0142acenia np. za kontrol\u0119 kominiarzy, czy kontrol\u0119 sprz\u0119tu ga\u015bniczego. W tej chwili nie mo\u017cemy podj\u0105\u0107 si\u0119 \u017cadnego remontu, zakupu, czy inwestycji. Dzi\u0119kuj\u0119 za modlitw\u0119 w intencji spraw naszej parafii i prosz\u0119 o wsparcie finansowe. Przychodzi nas do ko\u015bcio\u0142a czy kaplicy zaledwie kilkadziesi\u0105t os\u00f3b i to od nas przede wszystkim zale\u017cy co si\u0119 b\u0119dzie w naszej parafii dzia\u0142o. Jeszcze raz dzi\u0119kuj\u0119 za ka\u017cd\u0105 ofiar\u0119 oraz za modlitw\u0119 w intencji parafii.<br \/>\n8.\/<br \/>\nZapowiedzi 1:<br \/>\nDAMIAN OSUCH, PAR. SKARSZEW; ANNA NADOBTA, PAR. PAMI\u0118CIN<\/p>\n","protected":false},"excerpt":{"rendered":"<p>1.\/ Zapraszam do uczestniczenia w ostatnim nabo\u017ce\u0144stwie majowym jutro po Mszy \u015aw. o godz. 18.00. 2.\/ Do Sakramentu Pojednania zapraszam zawsze w dni powszednie przed Msz\u0105 \u015aw. W konfesjonale jestem na p\u00f3\u0142 godziny przed rozpocz\u0119ciem Mszy \u015aw. 3.\/ Dzisiaj na Mszy \u015aw. o godz. 10.00 i 11.30 dzieci po raz pierwszy przyst\u0105pi\u0105 do Komunii \u015aw. Prosz\u0119 o modlitw\u0119 w ich intencji. 4.\/ W najbli\u017cszy czwartek przypada Uroczysto\u015b\u0107 Naj\u015bwi\u0119tszego Cia\u0142a i&#8230;<a href=\"https:\/\/www.pamiecin.org\/?p=2419\" class=\"read_link\"><span>czytaj dalej &raquo;<\/span><\/a><\/p>\n","protected":false},"author":1,"featured_media":0,"comment_status":"closed","ping_status":"closed","sticky":false,"template":"","format":"standard","meta":{"footnotes":""},"categories":[7],"tags":[],"class_list":["post-2419","post","type-post","status-publish","format-standard","hentry","category-ogloszenia"],"_links":{"self":[{"href":"https:\/\/www.pamiecin.org\/index.php?rest_route=\/wp\/v2\/posts\/2419","targetHints":{"allow":["GET"]}}],"collection":[{"href":"https:\/\/www.pamiecin.org\/index.php?rest_route=\/wp\/v2\/posts"}],"about":[{"href":"https:\/\/www.pamiecin.org\/index.php?rest_route=\/wp\/v2\/types\/post"}],"author":[{"embeddable":true,"href":"https:\/\/www.pamiecin.org\/index.php?rest_route=\/wp\/v2\/users\/1"}],"replies":[{"embeddable":true,"href":"https:\/\/www.pamiecin.org\/index.php?rest_route=%2Fwp%2Fv2%2Fcomments&post=2419"}],"version-history":[{"count":1,"href":"https:\/\/www.pamiecin.org\/index.php?rest_route=\/wp\/v2\/posts\/2419\/revisions"}],"predecessor-version":[{"id":2420,"href":"https:\/\/www.pamiecin.org\/index.php?rest_route=\/wp\/v2\/posts\/2419\/revisions\/2420"}],"wp:attachment":[{"href":"https:\/\/www.pamiecin.org\/index.php?rest_route=%2Fwp%2Fv2%2Fmedia&parent=2419"}],"wp:term":[{"taxonomy":"category","embeddable":true,"href":"https:\/\/www.pamiecin.org\/index.php?rest_route=%2Fwp%2Fv2%2Fcategories&post=2419"},{"taxonomy":"post_tag","embeddable":true,"href":"https:\/\/www.pamiecin.org\/index.php?rest_route=%2Fwp%2Fv2%2Ftags&post=2419"}],"curies":[{"name":"wp","href":"https:\/\/api.w.org\/{rel}","templated":true}]}}