{"id":2417,"date":"2021-05-24T14:34:43","date_gmt":"2021-05-24T12:34:43","guid":{"rendered":"https:\/\/www.pamiecin.org\/?p=2417"},"modified":"2021-05-24T14:34:43","modified_gmt":"2021-05-24T12:34:43","slug":"ktos-zwariowal","status":"publish","type":"post","link":"https:\/\/www.pamiecin.org\/?p=2417","title":{"rendered":"Kto\u015b zwariowa\u0142!"},"content":{"rendered":"<p>Wizyta prezydenta w Turcji jest totaln\u0105 kompromitacj\u0105 i dowodem na niekompetencj\u0119 doradc\u00f3w MSZ i kancelarii prezydenta. Turcja jest m. in. sojusznikiem Azerbejd\u017canu (napad\u0142 na Armeni\u0119) i Bia\u0142orusi (dyktatura i uprowadzenie samolotu zarejestrowanego w Polsce). Turkofilizm ekspert\u00f3w pracuj\u0105cych dla  rz\u0105dz\u0105cych przyniesie Polsce szkod\u0119 na wielu poziomach. Zacie\u015bnianie kontakt\u00f3w z Turcj\u0105 w imi\u0119 dora\u017anych i niepewnych interes\u00f3w to powa\u017cny b\u0142\u0105d. To nie jest \u201ereal politic\u201d lecz kl\u0119kanie przed tureckim su\u0142tanem. Wstyd, wstyd, wstyd! Prawda i Honor powinny by\u0107 wa\u017cniejsze ni\u017c biznes. Kto\u015b tam w Warszawie powariowa\u0142!<\/p>\n","protected":false},"excerpt":{"rendered":"<p>Wizyta prezydenta w Turcji jest totaln\u0105 kompromitacj\u0105 i dowodem na niekompetencj\u0119 doradc\u00f3w MSZ i kancelarii prezydenta. Turcja jest m. in. sojusznikiem Azerbejd\u017canu (napad\u0142 na Armeni\u0119) i Bia\u0142orusi (dyktatura i uprowadzenie samolotu zarejestrowanego w Polsce). Turkofilizm ekspert\u00f3w pracuj\u0105cych dla rz\u0105dz\u0105cych przyniesie Polsce szkod\u0119 na wielu poziomach. Zacie\u015bnianie kontakt\u00f3w z Turcj\u0105 w imi\u0119 dora\u017anych i niepewnych interes\u00f3w to powa\u017cny b\u0142\u0105d. To nie jest \u201ereal politic\u201d lecz kl\u0119kanie przed tureckim su\u0142tanem. Wstyd, wstyd,&#8230;<a href=\"https:\/\/www.pamiecin.org\/?p=2417\" class=\"read_link\"><span>czytaj dalej &raquo;<\/span><\/a><\/p>\n","protected":false},"author":1,"featured_media":0,"comment_status":"closed","ping_status":"closed","sticky":false,"template":"","format":"standard","meta":{"footnotes":""},"categories":[21],"tags":[],"class_list":["post-2417","post","type-post","status-publish","format-standard","hentry","category-refleksje"],"_links":{"self":[{"href":"https:\/\/www.pamiecin.org\/index.php?rest_route=\/wp\/v2\/posts\/2417","targetHints":{"allow":["GET"]}}],"collection":[{"href":"https:\/\/www.pamiecin.org\/index.php?rest_route=\/wp\/v2\/posts"}],"about":[{"href":"https:\/\/www.pamiecin.org\/index.php?rest_route=\/wp\/v2\/types\/post"}],"author":[{"embeddable":true,"href":"https:\/\/www.pamiecin.org\/index.php?rest_route=\/wp\/v2\/users\/1"}],"replies":[{"embeddable":true,"href":"https:\/\/www.pamiecin.org\/index.php?rest_route=%2Fwp%2Fv2%2Fcomments&post=2417"}],"version-history":[{"count":1,"href":"https:\/\/www.pamiecin.org\/index.php?rest_route=\/wp\/v2\/posts\/2417\/revisions"}],"predecessor-version":[{"id":2418,"href":"https:\/\/www.pamiecin.org\/index.php?rest_route=\/wp\/v2\/posts\/2417\/revisions\/2418"}],"wp:attachment":[{"href":"https:\/\/www.pamiecin.org\/index.php?rest_route=%2Fwp%2Fv2%2Fmedia&parent=2417"}],"wp:term":[{"taxonomy":"category","embeddable":true,"href":"https:\/\/www.pamiecin.org\/index.php?rest_route=%2Fwp%2Fv2%2Fcategories&post=2417"},{"taxonomy":"post_tag","embeddable":true,"href":"https:\/\/www.pamiecin.org\/index.php?rest_route=%2Fwp%2Fv2%2Ftags&post=2417"}],"curies":[{"name":"wp","href":"https:\/\/api.w.org\/{rel}","templated":true}]}}