{"id":1914,"date":"2015-03-22T20:45:34","date_gmt":"2015-03-22T19:45:34","guid":{"rendered":"http:\/\/www.pamiecin.org\/?p=1914"},"modified":"2015-03-22T20:45:34","modified_gmt":"2015-03-22T19:45:34","slug":"bierzmowanie-informacje","status":"publish","type":"post","link":"https:\/\/www.pamiecin.org\/?p=1914","title":{"rendered":"Bierzmowanie &#8211; informacje"},"content":{"rendered":"<p>Spotkanie kandydat\u00f3w do sakramentu bierzmowania oraz ich rodzic\u00f3w, odb\u0119dzie si\u0119 w niedziel\u0119 palmow\u0105 tj. 29 marca, po Mszy \u015bw. o godz. 11.30. Bardzo zapraszam. Obecno\u015b\u0107 jest obowi\u0105zkowa.<br \/>\nNast\u0105pi\u0142a zmiana terminu bierzmowania: z 27 maja na 27 kwietnia!<\/p>\n","protected":false},"excerpt":{"rendered":"<p>Spotkanie kandydat\u00f3w do sakramentu bierzmowania oraz ich rodzic\u00f3w, odb\u0119dzie si\u0119 w niedziel\u0119 palmow\u0105 tj. 29 marca, po Mszy \u015bw. o godz. 11.30. Bardzo zapraszam. Obecno\u015b\u0107 jest obowi\u0105zkowa. Nast\u0105pi\u0142a zmiana terminu bierzmowania: z 27 maja na 27 kwietnia!<\/p>\n","protected":false},"author":1,"featured_media":0,"comment_status":"open","ping_status":"open","sticky":false,"template":"","format":"standard","meta":{"footnotes":""},"categories":[7],"tags":[],"class_list":["post-1914","post","type-post","status-publish","format-standard","hentry","category-ogloszenia"],"_links":{"self":[{"href":"https:\/\/www.pamiecin.org\/index.php?rest_route=\/wp\/v2\/posts\/1914","targetHints":{"allow":["GET"]}}],"collection":[{"href":"https:\/\/www.pamiecin.org\/index.php?rest_route=\/wp\/v2\/posts"}],"about":[{"href":"https:\/\/www.pamiecin.org\/index.php?rest_route=\/wp\/v2\/types\/post"}],"author":[{"embeddable":true,"href":"https:\/\/www.pamiecin.org\/index.php?rest_route=\/wp\/v2\/users\/1"}],"replies":[{"embeddable":true,"href":"https:\/\/www.pamiecin.org\/index.php?rest_route=%2Fwp%2Fv2%2Fcomments&post=1914"}],"version-history":[{"count":1,"href":"https:\/\/www.pamiecin.org\/index.php?rest_route=\/wp\/v2\/posts\/1914\/revisions"}],"predecessor-version":[{"id":1915,"href":"https:\/\/www.pamiecin.org\/index.php?rest_route=\/wp\/v2\/posts\/1914\/revisions\/1915"}],"wp:attachment":[{"href":"https:\/\/www.pamiecin.org\/index.php?rest_route=%2Fwp%2Fv2%2Fmedia&parent=1914"}],"wp:term":[{"taxonomy":"category","embeddable":true,"href":"https:\/\/www.pamiecin.org\/index.php?rest_route=%2Fwp%2Fv2%2Fcategories&post=1914"},{"taxonomy":"post_tag","embeddable":true,"href":"https:\/\/www.pamiecin.org\/index.php?rest_route=%2Fwp%2Fv2%2Ftags&post=1914"}],"curies":[{"name":"wp","href":"https:\/\/api.w.org\/{rel}","templated":true}]}}