{"id":1896,"date":"2015-01-07T20:34:30","date_gmt":"2015-01-07T19:34:30","guid":{"rendered":"http:\/\/www.pamiecin.org\/?p=1896"},"modified":"2015-01-26T08:05:51","modified_gmt":"2015-01-26T07:05:51","slug":"wizyta-duszpasterska-2014","status":"publish","type":"post","link":"https:\/\/www.pamiecin.org\/?p=1896","title":{"rendered":"WIZYTA DUSZPASTERSKA 2015"},"content":{"rendered":"<p><strong>PLAN OBRZ\u0118DU B\u0141OGOS\u0141AWIE\u0143STWA RODZIN<br \/>\nWIZYTA DUSZPASTERSKA<\/strong><\/p>\n<p><img loading=\"lazy\" decoding=\"async\" src=\"http:\/\/www.pamiecin.org\/wp-content\/uploads\/2015\/01\/koleda.png\" alt=\"koleda\" width=\"682\" height=\"376\" class=\"aligncenter size-full wp-image-1905\" srcset=\"https:\/\/www.pamiecin.org\/wp-content\/uploads\/2015\/01\/koleda.png 682w, https:\/\/www.pamiecin.org\/wp-content\/uploads\/2015\/01\/koleda-300x165.png 300w\" sizes=\"auto, (max-width: 682px) 100vw, 682px\" \/><\/p>\n","protected":false},"excerpt":{"rendered":"<p>PLAN OBRZ\u0118DU B\u0141OGOS\u0141AWIE\u0143STWA RODZIN WIZYTA DUSZPASTERSKA<\/p>\n","protected":false},"author":1,"featured_media":0,"comment_status":"open","ping_status":"open","sticky":false,"template":"","format":"standard","meta":{"footnotes":""},"categories":[7],"tags":[],"class_list":["post-1896","post","type-post","status-publish","format-standard","hentry","category-ogloszenia"],"_links":{"self":[{"href":"https:\/\/www.pamiecin.org\/index.php?rest_route=\/wp\/v2\/posts\/1896","targetHints":{"allow":["GET"]}}],"collection":[{"href":"https:\/\/www.pamiecin.org\/index.php?rest_route=\/wp\/v2\/posts"}],"about":[{"href":"https:\/\/www.pamiecin.org\/index.php?rest_route=\/wp\/v2\/types\/post"}],"author":[{"embeddable":true,"href":"https:\/\/www.pamiecin.org\/index.php?rest_route=\/wp\/v2\/users\/1"}],"replies":[{"embeddable":true,"href":"https:\/\/www.pamiecin.org\/index.php?rest_route=%2Fwp%2Fv2%2Fcomments&post=1896"}],"version-history":[{"count":4,"href":"https:\/\/www.pamiecin.org\/index.php?rest_route=\/wp\/v2\/posts\/1896\/revisions"}],"predecessor-version":[{"id":1906,"href":"https:\/\/www.pamiecin.org\/index.php?rest_route=\/wp\/v2\/posts\/1896\/revisions\/1906"}],"wp:attachment":[{"href":"https:\/\/www.pamiecin.org\/index.php?rest_route=%2Fwp%2Fv2%2Fmedia&parent=1896"}],"wp:term":[{"taxonomy":"category","embeddable":true,"href":"https:\/\/www.pamiecin.org\/index.php?rest_route=%2Fwp%2Fv2%2Fcategories&post=1896"},{"taxonomy":"post_tag","embeddable":true,"href":"https:\/\/www.pamiecin.org\/index.php?rest_route=%2Fwp%2Fv2%2Ftags&post=1896"}],"curies":[{"name":"wp","href":"https:\/\/api.w.org\/{rel}","templated":true}]}}