{"id":1882,"date":"2014-11-18T23:25:57","date_gmt":"2014-11-18T22:25:57","guid":{"rendered":"http:\/\/www.pamiecin.org\/?p=1882"},"modified":"2014-11-18T23:25:57","modified_gmt":"2014-11-18T22:25:57","slug":"witraze","status":"publish","type":"post","link":"https:\/\/www.pamiecin.org\/?p=1882","title":{"rendered":"Witra\u017ce"},"content":{"rendered":"<p>Na ozdobienie naszej \u015bwi\u0105tyni w Pami\u0119cinie siedmioma witra\u017cami, znale\u017ali si\u0119 fundatorzy.<\/p>\n<p>Nasi parafianie odpowiedzieli bardzo szybko i spontanicznie na propozycj\u0119 umieszczenia witra\u017cy w miejsce okien.<\/p>\n<p>S\u0105dz\u0119, \u017ce na wiosn\u0119 przysz\u0142ego roku, przyst\u0105pimy do prac instalacyjnych.<\/p>\n<p>Niech Pan b\u0142ogos\u0142awi wszystkich dobroczy\u0144c\u00f3w i ofiarodawc\u00f3w!<\/p>\n","protected":false},"excerpt":{"rendered":"<p>Na ozdobienie naszej \u015bwi\u0105tyni w Pami\u0119cinie siedmioma witra\u017cami, znale\u017ali si\u0119 fundatorzy. Nasi parafianie odpowiedzieli bardzo szybko i spontanicznie na propozycj\u0119 umieszczenia witra\u017cy w miejsce okien. S\u0105dz\u0119, \u017ce na wiosn\u0119 przysz\u0142ego roku, przyst\u0105pimy do prac instalacyjnych. Niech Pan b\u0142ogos\u0142awi wszystkich dobroczy\u0144c\u00f3w i ofiarodawc\u00f3w!<\/p>\n","protected":false},"author":1,"featured_media":0,"comment_status":"open","ping_status":"open","sticky":false,"template":"","format":"standard","meta":{"footnotes":""},"categories":[7],"tags":[],"class_list":["post-1882","post","type-post","status-publish","format-standard","hentry","category-ogloszenia"],"_links":{"self":[{"href":"https:\/\/www.pamiecin.org\/index.php?rest_route=\/wp\/v2\/posts\/1882","targetHints":{"allow":["GET"]}}],"collection":[{"href":"https:\/\/www.pamiecin.org\/index.php?rest_route=\/wp\/v2\/posts"}],"about":[{"href":"https:\/\/www.pamiecin.org\/index.php?rest_route=\/wp\/v2\/types\/post"}],"author":[{"embeddable":true,"href":"https:\/\/www.pamiecin.org\/index.php?rest_route=\/wp\/v2\/users\/1"}],"replies":[{"embeddable":true,"href":"https:\/\/www.pamiecin.org\/index.php?rest_route=%2Fwp%2Fv2%2Fcomments&post=1882"}],"version-history":[{"count":1,"href":"https:\/\/www.pamiecin.org\/index.php?rest_route=\/wp\/v2\/posts\/1882\/revisions"}],"predecessor-version":[{"id":1883,"href":"https:\/\/www.pamiecin.org\/index.php?rest_route=\/wp\/v2\/posts\/1882\/revisions\/1883"}],"wp:attachment":[{"href":"https:\/\/www.pamiecin.org\/index.php?rest_route=%2Fwp%2Fv2%2Fmedia&parent=1882"}],"wp:term":[{"taxonomy":"category","embeddable":true,"href":"https:\/\/www.pamiecin.org\/index.php?rest_route=%2Fwp%2Fv2%2Fcategories&post=1882"},{"taxonomy":"post_tag","embeddable":true,"href":"https:\/\/www.pamiecin.org\/index.php?rest_route=%2Fwp%2Fv2%2Ftags&post=1882"}],"curies":[{"name":"wp","href":"https:\/\/api.w.org\/{rel}","templated":true}]}}