{"id":1880,"date":"2014-11-18T23:23:54","date_gmt":"2014-11-18T22:23:54","guid":{"rendered":"http:\/\/www.pamiecin.org\/?p=1880"},"modified":"2014-11-18T23:24:38","modified_gmt":"2014-11-18T22:24:38","slug":"niedziela-16-11-2014","status":"publish","type":"post","link":"https:\/\/www.pamiecin.org\/?p=1880","title":{"rendered":"NIEDZIELA 16.11.2014"},"content":{"rendered":"<p>1.\/ Warto zwr\u00f3ci\u0107 uwag\u0105 na to, \u017ce przy cmentarzu od strony szosy na Szadek trwaj\u0105 prace na celu zrobienia parkingu. Bardzo si\u0119 on przyda podczas uroczysto\u015bci pogrzebowych.<\/p>\n<p>2.\/ Dzisiaj jest 3 niedziela miesi\u0105ca. Wszystkie ofiary przeznaczymy na uregulowanie wywozu \u015bmieci z cmentarza. Rachunek za pa\u017adziernik opiewa\u0142 na 3.124z\u0142 i 72gr. Je\u015bli po uregulowaniu rachunk\u00f3w za listopad jeszcze co\u015b zostanie, to wytniemy kolejne drzewo na cmentarzu. B\u00f3g zap\u0142a\u0107 za dzisiejsze ofiary.<\/p>\n<p>3.\/ Kolejne spotkanie z kandydatami do sakramentu bierzmowania odb\u0119dzie si\u0119 w niedziel\u0119 30 listopada po Mszy \u015bw. o godz. 11.30.<\/p>\n","protected":false},"excerpt":{"rendered":"<p>1.\/ Warto zwr\u00f3ci\u0107 uwag\u0105 na to, \u017ce przy cmentarzu od strony szosy na Szadek trwaj\u0105 prace na celu zrobienia parkingu. Bardzo si\u0119 on przyda podczas uroczysto\u015bci pogrzebowych. 2.\/ Dzisiaj jest 3 niedziela miesi\u0105ca. Wszystkie ofiary przeznaczymy na uregulowanie wywozu \u015bmieci z cmentarza. Rachunek za pa\u017adziernik opiewa\u0142 na 3.124z\u0142 i 72gr. Je\u015bli po uregulowaniu rachunk\u00f3w za listopad jeszcze co\u015b zostanie, to wytniemy kolejne drzewo na cmentarzu. B\u00f3g zap\u0142a\u0107 za dzisiejsze ofiary&#8230;.<a href=\"https:\/\/www.pamiecin.org\/?p=1880\" class=\"read_link\"><span>czytaj dalej &raquo;<\/span><\/a><\/p>\n","protected":false},"author":1,"featured_media":0,"comment_status":"open","ping_status":"open","sticky":false,"template":"","format":"standard","meta":{"footnotes":""},"categories":[7],"tags":[],"class_list":["post-1880","post","type-post","status-publish","format-standard","hentry","category-ogloszenia"],"_links":{"self":[{"href":"https:\/\/www.pamiecin.org\/index.php?rest_route=\/wp\/v2\/posts\/1880","targetHints":{"allow":["GET"]}}],"collection":[{"href":"https:\/\/www.pamiecin.org\/index.php?rest_route=\/wp\/v2\/posts"}],"about":[{"href":"https:\/\/www.pamiecin.org\/index.php?rest_route=\/wp\/v2\/types\/post"}],"author":[{"embeddable":true,"href":"https:\/\/www.pamiecin.org\/index.php?rest_route=\/wp\/v2\/users\/1"}],"replies":[{"embeddable":true,"href":"https:\/\/www.pamiecin.org\/index.php?rest_route=%2Fwp%2Fv2%2Fcomments&post=1880"}],"version-history":[{"count":1,"href":"https:\/\/www.pamiecin.org\/index.php?rest_route=\/wp\/v2\/posts\/1880\/revisions"}],"predecessor-version":[{"id":1881,"href":"https:\/\/www.pamiecin.org\/index.php?rest_route=\/wp\/v2\/posts\/1880\/revisions\/1881"}],"wp:attachment":[{"href":"https:\/\/www.pamiecin.org\/index.php?rest_route=%2Fwp%2Fv2%2Fmedia&parent=1880"}],"wp:term":[{"taxonomy":"category","embeddable":true,"href":"https:\/\/www.pamiecin.org\/index.php?rest_route=%2Fwp%2Fv2%2Fcategories&post=1880"},{"taxonomy":"post_tag","embeddable":true,"href":"https:\/\/www.pamiecin.org\/index.php?rest_route=%2Fwp%2Fv2%2Ftags&post=1880"}],"curies":[{"name":"wp","href":"https:\/\/api.w.org\/{rel}","templated":true}]}}