{"id":1471,"date":"2014-05-27T21:47:32","date_gmt":"2014-05-27T19:47:32","guid":{"rendered":"http:\/\/www.pamiecin.org\/?p=1471"},"modified":"2014-06-04T11:32:35","modified_gmt":"2014-06-04T09:32:35","slug":"walka-o-przetrwanie","status":"publish","type":"post","link":"https:\/\/www.pamiecin.org\/?p=1471","title":{"rendered":"Walka o przetrwanie"},"content":{"rendered":"<p style=\"text-align: justify;\">Coraz m\u0142odsi ludzie umieraj\u0105 na zawa\u0142 serca czy na nowotw\u00f3r. Czterdziesto a nawet trzydziestolatkowie odchodz\u0105 z tego \u015bwiata. Jest bardzo prawdopodobne, \u017ce bardzo wielu ludzi aktywnych zawodowo nie do\u017cyje emerytury. Dlaczego? Odpowiedzi jest pewnie wiele. Chc\u0119 tylko zwr\u00f3ci\u0107 uwag\u0119 na to, \u017ce wielu osobom nie chodzi ju\u017c nawet o osi\u0105gni\u0119cie szeroko rozumianego sukcesu czy szcz\u0119\u015bcia. Chodzi o zwyk\u0142e PRZETRWANIE. Stres zwi\u0105zany z utrat\u0105 pracy i z poszukiwaniem nowego zatrudnienia;  strach z powodu braku pieni\u0119dzy na op\u0142acenie rachunku za pr\u0105d; wyrzuty sumienia rodzic\u00f3w spowodowane tym, \u017ce nie mog\u0105 zapewni\u0107 dzieciom tzw. przysz\u0142o\u015bci &#8211; to wszystko wyniszcza. Dla wielu Polak\u00f3w liczy si\u0119 tylko PRZETRWANIE. U\u015bwiadomili sobie, \u017ce sukces jest poza ich zasi\u0119giem. Pogodzili si\u0119 z tym. Sk\u0105d znale\u017a\u0107 si\u0142\u0119 do tego, aby przetrwa\u0107 pomimo rzucanych pod nogi k\u0142\u00f3d, kryzysu, absurdalnych przepis\u00f3w, rosn\u0105cych podatk\u00f3w czy odebrania szans na polepszenie sytuacji? Sk\u0105d wzi\u0105\u0107 si\u0142y na to aby chocia\u017c przetrwa\u0107? Wiele os\u00f3b czerpie j\u0105 z tylko wiary, kt\u00f3ra uzdalnia do tego, aby si\u0119 nie poddawa\u0107. Warto wi\u0119c wierzy\u0107 i warto przekazywa\u0107 wiar\u0119 innym. Rodzicu! Je\u015bli nie przeka\u017cesz wiary swoim dzieciom, to czy b\u0119d\u0105 mia\u0142y si\u0142y do walki o przetrwanie?<\/p>\n","protected":false},"excerpt":{"rendered":"<p>Coraz m\u0142odsi ludzie umieraj\u0105 na zawa\u0142 serca czy na nowotw\u00f3r. Czterdziesto a nawet trzydziestolatkowie odchodz\u0105 z tego \u015bwiata. Jest bardzo prawdopodobne, \u017ce bardzo wielu ludzi aktywnych zawodowo nie do\u017cyje emerytury. Dlaczego? Odpowiedzi jest pewnie wiele. Chc\u0119 tylko zwr\u00f3ci\u0107 uwag\u0119 na to, \u017ce wielu osobom nie chodzi ju\u017c nawet o osi\u0105gni\u0119cie szeroko rozumianego sukcesu czy szcz\u0119\u015bcia. Chodzi o zwyk\u0142e PRZETRWANIE. Stres zwi\u0105zany z utrat\u0105 pracy i z poszukiwaniem nowego zatrudnienia; strach&#8230;<a href=\"https:\/\/www.pamiecin.org\/?p=1471\" class=\"read_link\"><span>czytaj dalej &raquo;<\/span><\/a><\/p>\n","protected":false},"author":1,"featured_media":0,"comment_status":"open","ping_status":"open","sticky":false,"template":"","format":"standard","meta":{"footnotes":""},"categories":[21],"tags":[],"class_list":["post-1471","post","type-post","status-publish","format-standard","hentry","category-refleksje"],"_links":{"self":[{"href":"https:\/\/www.pamiecin.org\/index.php?rest_route=\/wp\/v2\/posts\/1471","targetHints":{"allow":["GET"]}}],"collection":[{"href":"https:\/\/www.pamiecin.org\/index.php?rest_route=\/wp\/v2\/posts"}],"about":[{"href":"https:\/\/www.pamiecin.org\/index.php?rest_route=\/wp\/v2\/types\/post"}],"author":[{"embeddable":true,"href":"https:\/\/www.pamiecin.org\/index.php?rest_route=\/wp\/v2\/users\/1"}],"replies":[{"embeddable":true,"href":"https:\/\/www.pamiecin.org\/index.php?rest_route=%2Fwp%2Fv2%2Fcomments&post=1471"}],"version-history":[{"count":1,"href":"https:\/\/www.pamiecin.org\/index.php?rest_route=\/wp\/v2\/posts\/1471\/revisions"}],"predecessor-version":[{"id":1472,"href":"https:\/\/www.pamiecin.org\/index.php?rest_route=\/wp\/v2\/posts\/1471\/revisions\/1472"}],"wp:attachment":[{"href":"https:\/\/www.pamiecin.org\/index.php?rest_route=%2Fwp%2Fv2%2Fmedia&parent=1471"}],"wp:term":[{"taxonomy":"category","embeddable":true,"href":"https:\/\/www.pamiecin.org\/index.php?rest_route=%2Fwp%2Fv2%2Fcategories&post=1471"},{"taxonomy":"post_tag","embeddable":true,"href":"https:\/\/www.pamiecin.org\/index.php?rest_route=%2Fwp%2Fv2%2Ftags&post=1471"}],"curies":[{"name":"wp","href":"https:\/\/api.w.org\/{rel}","templated":true}]}}