{"id":1465,"date":"2014-05-27T21:44:15","date_gmt":"2014-05-27T19:44:15","guid":{"rendered":"http:\/\/www.pamiecin.org\/?p=1465"},"modified":"2014-06-04T11:36:51","modified_gmt":"2014-06-04T09:36:51","slug":"w-kogo-wierzy-bog","status":"publish","type":"post","link":"https:\/\/www.pamiecin.org\/?p=1465","title":{"rendered":"W kogo wierzy B\u00f3g?"},"content":{"rendered":"<p align=\"JUSTIFY\">B\u00f3g wierzy w cz\u0142owieka. We mnie i w Ciebie. B\u00f3g wierzy w nas tak, jak rodzice wierz\u0105, \u017ce ich dzieci poradz\u0105 sobie w \u017cyciu. <\/p>\n<p align=\"JUSTIFY\">B\u00f3g ryzykuje ufaj\u0105c nam \u2013 swoim dzieciom. On w nas wierzy.<\/p>\n<p align=\"JUSTIFY\">Ale czy Ty i ja wierzymy w Boga? Czy odpowiadamy swoj\u0105 wiar\u0105 w Niego na Jego wiar\u0119 w nas? <\/p>\n<p align=\"JUSTIFY\">Moja i Twoja wiara w Boga nie jest jednak tak wa\u017cna, jak Jego wiara w Ciebie i we mnie.<\/p>\n<p align=\"JUSTIFY\">Wa\u017cniejsze jest to, co B\u00f3g czyni dla nas, ni\u017c to, co my czynimy dla Niego. <\/p>\n","protected":false},"excerpt":{"rendered":"<p>B\u00f3g wierzy w cz\u0142owieka. We mnie i w Ciebie. B\u00f3g wierzy w nas tak, jak rodzice wierz\u0105, \u017ce ich dzieci poradz\u0105 sobie w \u017cyciu. B\u00f3g ryzykuje ufaj\u0105c nam \u2013 swoim dzieciom. On w nas wierzy. Ale czy Ty i ja wierzymy w Boga? Czy odpowiadamy swoj\u0105 wiar\u0105 w Niego na Jego wiar\u0119 w nas? Moja i Twoja wiara w Boga nie jest jednak tak wa\u017cna, jak Jego wiara w Ciebie&#8230;<a href=\"https:\/\/www.pamiecin.org\/?p=1465\" class=\"read_link\"><span>czytaj dalej &raquo;<\/span><\/a><\/p>\n","protected":false},"author":1,"featured_media":0,"comment_status":"open","ping_status":"closed","sticky":false,"template":"","format":"standard","meta":{"footnotes":""},"categories":[21],"tags":[],"class_list":["post-1465","post","type-post","status-publish","format-standard","hentry","category-refleksje"],"_links":{"self":[{"href":"https:\/\/www.pamiecin.org\/index.php?rest_route=\/wp\/v2\/posts\/1465","targetHints":{"allow":["GET"]}}],"collection":[{"href":"https:\/\/www.pamiecin.org\/index.php?rest_route=\/wp\/v2\/posts"}],"about":[{"href":"https:\/\/www.pamiecin.org\/index.php?rest_route=\/wp\/v2\/types\/post"}],"author":[{"embeddable":true,"href":"https:\/\/www.pamiecin.org\/index.php?rest_route=\/wp\/v2\/users\/1"}],"replies":[{"embeddable":true,"href":"https:\/\/www.pamiecin.org\/index.php?rest_route=%2Fwp%2Fv2%2Fcomments&post=1465"}],"version-history":[{"count":1,"href":"https:\/\/www.pamiecin.org\/index.php?rest_route=\/wp\/v2\/posts\/1465\/revisions"}],"predecessor-version":[{"id":1466,"href":"https:\/\/www.pamiecin.org\/index.php?rest_route=\/wp\/v2\/posts\/1465\/revisions\/1466"}],"wp:attachment":[{"href":"https:\/\/www.pamiecin.org\/index.php?rest_route=%2Fwp%2Fv2%2Fmedia&parent=1465"}],"wp:term":[{"taxonomy":"category","embeddable":true,"href":"https:\/\/www.pamiecin.org\/index.php?rest_route=%2Fwp%2Fv2%2Fcategories&post=1465"},{"taxonomy":"post_tag","embeddable":true,"href":"https:\/\/www.pamiecin.org\/index.php?rest_route=%2Fwp%2Fv2%2Ftags&post=1465"}],"curies":[{"name":"wp","href":"https:\/\/api.w.org\/{rel}","templated":true}]}}