{"id":1459,"date":"2014-05-27T21:36:11","date_gmt":"2014-05-27T19:36:11","guid":{"rendered":"http:\/\/www.pamiecin.org\/?p=1459"},"modified":"2014-06-04T11:39:08","modified_gmt":"2014-06-04T09:39:08","slug":"hiszpania-po-wyborach-parlamentarnych","status":"publish","type":"post","link":"https:\/\/www.pamiecin.org\/?p=1459","title":{"rendered":"Hiszpania po wyborach parlamentarnych"},"content":{"rendered":"<p align=\"JUSTIFY\">Dwudziestego listopada odby\u0142y si\u0119 w Hiszpanii przedterminowe wybory parlamentarne. Po siedmiu latach rz\u0105d\u00f3w socjalist\u00f3w oraz trzech latach katastrofalnego kryzysu gospodarczego, wyborcy opowiedzieli si\u0119 za centroprawicow\u0105 Parti\u0105 Ludow\u0105. Spo\u015br\u00f3d 350 deputowanych, a\u017c 186 startowa\u0142o z list Partii Ludowej i w ten spos\u00f3b uzyska\u0142a ona w ni\u017cszej izbie parlamentu wi\u0119kszo\u015b\u0107 absolutn\u0105. W por\u00f3wnaniu z ostatnimi wyborami socjali\u015bci stracili 59 miejsc, natomiast centroprawica zyska\u0142a 32 miejsca. Na czele rz\u0105du stan\u0105\u0142 Mariano Rajoy, kt\u00f3ry w przedwyborczej kampanii zmierzy\u0142 si\u0119 z Alfredo P\u00e9rez Rubalcaba, wyznaczonym kilka miesi\u0119cy temu na nast\u0119pc\u0119 Luisa Zapatero.<\/p>\n<p align=\"JUSTIFY\">G\u0142\u00f3wnymi \u201esukcesami\u201d odchodz\u0105cego socjalistycznego rz\u0105du by\u0142a legalizacja ma\u0142\u017ce\u0144stw mi\u0119dzy osobami tej samej p\u0142ci, zniesienie nauczania religii w szko\u0142ach oraz nieudolna polityka gospodarcz\u0105. Aktualnie a\u017c 46% m\u0142odych Hiszpan\u00f3w jest bezrobotnych a stopa og\u00f3lnego bezrobocia (prawie 22%) jest dwukrotnie wy\u017csza od \u015bredniej europejskiej. Ponadto, cze\u015b\u0107 dom\u00f3w i mieszka\u0144 stoi pusta (ponad 3,4 mln), poniewa\u017c obywateli nie sta\u0107 ani na czynsz, ani nawet na opiek\u0119 medyczn\u0105. Koszt zad\u0142u\u017cenia kraju jest niebezpiecznie wysoki, co grozi obni\u017ceniem ratingu Hiszpanii z Aa2 do Aa3. Z tych i jeszcze innych powod\u00f3w, milion os\u00f3b g\u0142osuj\u0105cych w ostatnich wyborach na socjalist\u00f3w, tym razem odda\u0142o swoje g\u0142osy na Parti\u0119 Ludow\u0105.<\/p>\n<p align=\"JUSTIFY\">Prawicowy rz\u0105d stoi przed trudnym zadaniem: o\u017cywienia gospodarki, zmniejszenia bezrobocia oraz przywr\u00f3cenia zaufania rynk\u00f3w finansowych. Katolicy hiszpa\u0144scy maj\u0105 nadziej\u0119, \u017ce zwalczanie Ko\u015bcio\u0142a si\u0119 sko\u0144czy a ich prawa b\u0119d\u0105 respektowane. Wyborcy zwyci\u0119skiego ugrupowania chc\u0105 zmiany ustawy aborcyjnej, kt\u00f3ra pozwala usuwa\u0107 ci\u0105\u017c\u0119 na \u017cyczenie i dopuszcza, by nieletnie poddawa\u0142y si\u0119 aborcji bez wiedzy rodzic\u00f3w. W szko\u0142ach przywr\u00f3cona ma zosta\u0107 katecheza. Ustawa dopuszczaj\u0105ca \u015bluby os\u00f3b tej samej p\u0142ci, zdaniem chrze\u015bcijan, r\u00f3wnie\u017c powinna zosta\u0107 zmieniona. Czy nowy rz\u0105d sprosta oczekiwaniom?<\/p>\n","protected":false},"excerpt":{"rendered":"<p>Dwudziestego listopada odby\u0142y si\u0119 w Hiszpanii przedterminowe wybory parlamentarne. Po siedmiu latach rz\u0105d\u00f3w socjalist\u00f3w oraz trzech latach katastrofalnego kryzysu gospodarczego, wyborcy opowiedzieli si\u0119 za centroprawicow\u0105 Parti\u0105 Ludow\u0105. Spo\u015br\u00f3d 350 deputowanych, a\u017c 186 startowa\u0142o z list Partii Ludowej i w ten spos\u00f3b uzyska\u0142a ona w ni\u017cszej izbie parlamentu wi\u0119kszo\u015b\u0107 absolutn\u0105. W por\u00f3wnaniu z ostatnimi wyborami socjali\u015bci stracili 59 miejsc, natomiast centroprawica zyska\u0142a 32 miejsca. Na czele rz\u0105du stan\u0105\u0142 Mariano Rajoy, kt\u00f3ry&#8230;<a href=\"https:\/\/www.pamiecin.org\/?p=1459\" class=\"read_link\"><span>czytaj dalej &raquo;<\/span><\/a><\/p>\n","protected":false},"author":1,"featured_media":0,"comment_status":"open","ping_status":"closed","sticky":false,"template":"","format":"standard","meta":{"footnotes":""},"categories":[21],"tags":[],"class_list":["post-1459","post","type-post","status-publish","format-standard","hentry","category-refleksje"],"_links":{"self":[{"href":"https:\/\/www.pamiecin.org\/index.php?rest_route=\/wp\/v2\/posts\/1459","targetHints":{"allow":["GET"]}}],"collection":[{"href":"https:\/\/www.pamiecin.org\/index.php?rest_route=\/wp\/v2\/posts"}],"about":[{"href":"https:\/\/www.pamiecin.org\/index.php?rest_route=\/wp\/v2\/types\/post"}],"author":[{"embeddable":true,"href":"https:\/\/www.pamiecin.org\/index.php?rest_route=\/wp\/v2\/users\/1"}],"replies":[{"embeddable":true,"href":"https:\/\/www.pamiecin.org\/index.php?rest_route=%2Fwp%2Fv2%2Fcomments&post=1459"}],"version-history":[{"count":1,"href":"https:\/\/www.pamiecin.org\/index.php?rest_route=\/wp\/v2\/posts\/1459\/revisions"}],"predecessor-version":[{"id":1460,"href":"https:\/\/www.pamiecin.org\/index.php?rest_route=\/wp\/v2\/posts\/1459\/revisions\/1460"}],"wp:attachment":[{"href":"https:\/\/www.pamiecin.org\/index.php?rest_route=%2Fwp%2Fv2%2Fmedia&parent=1459"}],"wp:term":[{"taxonomy":"category","embeddable":true,"href":"https:\/\/www.pamiecin.org\/index.php?rest_route=%2Fwp%2Fv2%2Fcategories&post=1459"},{"taxonomy":"post_tag","embeddable":true,"href":"https:\/\/www.pamiecin.org\/index.php?rest_route=%2Fwp%2Fv2%2Ftags&post=1459"}],"curies":[{"name":"wp","href":"https:\/\/api.w.org\/{rel}","templated":true}]}}